{"id":28948,"date":"2021-06-04T18:16:15","date_gmt":"2021-06-04T16:16:15","guid":{"rendered":"https:\/\/thesilentroute.com\/ciclo-musica-y-patrimonio-en-la-comarca-de-andorra-sierra-de-arcos\/"},"modified":"2023-05-16T13:32:27","modified_gmt":"2023-05-16T11:32:27","slug":"ciclo-musica-y-patrimonio-en-la-comarca-de-andorra-sierra-de-arcos","status":"publish","type":"post","link":"https:\/\/thesilentroute.com\/en\/ciclo-musica-y-patrimonio-en-la-comarca-de-andorra-sierra-de-arcos\/","title":{"rendered":"MUSIC AND HERITAGE Cycle in the Andorra Sierra de Arcos Region"},"content":{"rendered":"<p>After last year&#8217;s forced break due to the coronavirus pandemic, this spring the Andorra-Sierra de Arcos Region is resuming the cultural cycle Music and Heritage, which in its thirteenth edition will take different musical performances through the material heritage of five localities, Oliete, Ejulve, Gargallo, Andorra and Estercual, between 29 May and 20 June.<\/p>\n<p>To read more, click here: <a href=\"https:\/\/www.turismoandorrasierradearcos.com\/noticias_ext.php?id=400\" target=\"_blank\" rel=\"noopener\">Ciclo M\u00fasica y Patrimonio 2021\u00a0<\/a><\/p>\n<p>&nbsp;<\/p>\n","protected":false},"excerpt":{"rendered":"<p>After last year&#8217;s forced break due to the coronavirus pandemic, this spring the Andorra-Sierra de Arcos Region is resuming the cultural cycle Music and Heritage, which in its thirteenth edition will take different musical performances through the material heritage of five localities, Oliete, Ejulve, Gargallo, Andorra and Estercual, between 29 May and 20 June. To&#8230;<\/p>\n","protected":false},"author":3,"featured_media":28949,"comment_status":"open","ping_status":"closed","sticky":false,"template":"","format":"standard","meta":{"_monsterinsights_skip_tracking":false,"_monsterinsights_sitenote_active":false,"_monsterinsights_sitenote_note":"","_monsterinsights_sitenote_category":0,"footnotes":""},"categories":[238],"tags":[],"class_list":["post-28948","post","type-post","status-publish","format-standard","has-post-thumbnail","hentry","category-news"],"yoast_head":"<!-- This site is optimized with the Yoast SEO plugin v27.2 - https:\/\/yoast.com\/product\/yoast-seo-wordpress\/ -->\n<title>MUSIC AND HERITAGE Cycle in the Andorra Sierra de Arcos Region - Silent Route<\/title>\n<meta name=\"robots\" content=\"index, follow, max-snippet:-1, max-image-preview:large, max-video-preview:-1\" \/>\n<link rel=\"canonical\" href=\"https:\/\/thesilentroute.com\/en\/ciclo-musica-y-patrimonio-en-la-comarca-de-andorra-sierra-de-arcos\/\" \/>\n<meta property=\"og:locale\" content=\"en_US\" \/>\n<meta property=\"og:type\" content=\"article\" \/>\n<meta property=\"og:title\" content=\"MUSIC AND HERITAGE Cycle in the Andorra Sierra de Arcos Region - Silent Route\" \/>\n<meta property=\"og:description\" content=\"After last year&#8217;s forced break due to the coronavirus pandemic, this spring the Andorra-Sierra de Arcos Region is resuming the cultural cycle Music and Heritage, which in its thirteenth edition will take different musical performances through the material heritage of five localities, Oliete, Ejulve, Gargallo, Andorra and Estercual, between 29 May and 20 June. To...\" \/>\n<meta property=\"og:url\" content=\"https:\/\/thesilentroute.com\/en\/ciclo-musica-y-patrimonio-en-la-comarca-de-andorra-sierra-de-arcos\/\" \/>\n<meta property=\"og:site_name\" content=\"Silent Route\" \/>\n<meta property=\"article:publisher\" content=\"https:\/\/www.facebook.com\/TheSilentRouteMaestrazgo\/\" \/>\n<meta property=\"article:published_time\" content=\"2021-06-04T16:16:15+00:00\" \/>\n<meta property=\"article:modified_time\" content=\"2023-05-16T11:32:27+00:00\" \/>\n<meta property=\"og:image\" content=\"https:\/\/thesilentroute.com\/wp-content\/uploads\/2021\/06\/41447_210526-32-02.jpg\" \/>\n\t<meta property=\"og:image:width\" content=\"1120\" \/>\n\t<meta property=\"og:image:height\" content=\"719\" \/>\n\t<meta property=\"og:image:type\" content=\"image\/jpeg\" \/>\n<meta name=\"author\" content=\"Cristina Mall\u00e9n\" \/>\n<meta name=\"twitter:card\" content=\"summary_large_image\" \/>\n<meta name=\"twitter:label1\" content=\"Written by\" \/>\n\t<meta name=\"twitter:data1\" content=\"Cristina Mall\u00e9n\" \/>\n<script type=\"application\/ld+json\" class=\"yoast-schema-graph\">{\"@context\":\"https:\/\/schema.org\",\"@graph\":[{\"@type\":\"Article\",\"@id\":\"https:\/\/thesilentroute.com\/en\/ciclo-musica-y-patrimonio-en-la-comarca-de-andorra-sierra-de-arcos\/#article\",\"isPartOf\":{\"@id\":\"https:\/\/thesilentroute.com\/en\/ciclo-musica-y-patrimonio-en-la-comarca-de-andorra-sierra-de-arcos\/\"},\"author\":{\"name\":\"Cristina Mall\u00e9n\",\"@id\":\"https:\/\/thesilentroute.com\/en\/#\/schema\/person\/e9c74e4d2cc8f42190ab09f461b605f5\"},\"headline\":\"MUSIC AND HERITAGE Cycle in the Andorra Sierra de Arcos Region\",\"datePublished\":\"2021-06-04T16:16:15+00:00\",\"dateModified\":\"2023-05-16T11:32:27+00:00\",\"mainEntityOfPage\":{\"@id\":\"https:\/\/thesilentroute.com\/en\/ciclo-musica-y-patrimonio-en-la-comarca-de-andorra-sierra-de-arcos\/\"},\"wordCount\":74,\"commentCount\":0,\"publisher\":{\"@id\":\"https:\/\/thesilentroute.com\/en\/#organization\"},\"image\":{\"@id\":\"https:\/\/thesilentroute.com\/en\/ciclo-musica-y-patrimonio-en-la-comarca-de-andorra-sierra-de-arcos\/#primaryimage\"},\"thumbnailUrl\":\"https:\/\/thesilentroute.com\/wp-content\/uploads\/2021\/06\/41447_210526-32-02.jpg\",\"articleSection\":[\"News\"],\"inLanguage\":\"en-US\",\"potentialAction\":[{\"@type\":\"CommentAction\",\"name\":\"Comment\",\"target\":[\"https:\/\/thesilentroute.com\/en\/ciclo-musica-y-patrimonio-en-la-comarca-de-andorra-sierra-de-arcos\/#respond\"]}]},{\"@type\":\"WebPage\",\"@id\":\"https:\/\/thesilentroute.com\/en\/ciclo-musica-y-patrimonio-en-la-comarca-de-andorra-sierra-de-arcos\/\",\"url\":\"https:\/\/thesilentroute.com\/en\/ciclo-musica-y-patrimonio-en-la-comarca-de-andorra-sierra-de-arcos\/\",\"name\":\"MUSIC AND HERITAGE Cycle in the Andorra Sierra de Arcos Region - Silent Route\",\"isPartOf\":{\"@id\":\"https:\/\/thesilentroute.com\/en\/#website\"},\"primaryImageOfPage\":{\"@id\":\"https:\/\/thesilentroute.com\/en\/ciclo-musica-y-patrimonio-en-la-comarca-de-andorra-sierra-de-arcos\/#primaryimage\"},\"image\":{\"@id\":\"https:\/\/thesilentroute.com\/en\/ciclo-musica-y-patrimonio-en-la-comarca-de-andorra-sierra-de-arcos\/#primaryimage\"},\"thumbnailUrl\":\"https:\/\/thesilentroute.com\/wp-content\/uploads\/2021\/06\/41447_210526-32-02.jpg\",\"datePublished\":\"2021-06-04T16:16:15+00:00\",\"dateModified\":\"2023-05-16T11:32:27+00:00\",\"breadcrumb\":{\"@id\":\"https:\/\/thesilentroute.com\/en\/ciclo-musica-y-patrimonio-en-la-comarca-de-andorra-sierra-de-arcos\/#breadcrumb\"},\"inLanguage\":\"en-US\",\"potentialAction\":[{\"@type\":\"ReadAction\",\"target\":[\"https:\/\/thesilentroute.com\/en\/ciclo-musica-y-patrimonio-en-la-comarca-de-andorra-sierra-de-arcos\/\"]}]},{\"@type\":\"ImageObject\",\"inLanguage\":\"en-US\",\"@id\":\"https:\/\/thesilentroute.com\/en\/ciclo-musica-y-patrimonio-en-la-comarca-de-andorra-sierra-de-arcos\/#primaryimage\",\"url\":\"https:\/\/thesilentroute.com\/wp-content\/uploads\/2021\/06\/41447_210526-32-02.jpg\",\"contentUrl\":\"https:\/\/thesilentroute.com\/wp-content\/uploads\/2021\/06\/41447_210526-32-02.jpg\",\"width\":1120,\"height\":719,\"caption\":\"Caranzalem\"},{\"@type\":\"BreadcrumbList\",\"@id\":\"https:\/\/thesilentroute.com\/en\/ciclo-musica-y-patrimonio-en-la-comarca-de-andorra-sierra-de-arcos\/#breadcrumb\",\"itemListElement\":[{\"@type\":\"ListItem\",\"position\":1,\"name\":\"Portada\",\"item\":\"https:\/\/thesilentroute.com\/en\/\"},{\"@type\":\"ListItem\",\"position\":2,\"name\":\"MUSIC AND HERITAGE Cycle in the Andorra Sierra de Arcos Region\"}]},{\"@type\":\"WebSite\",\"@id\":\"https:\/\/thesilentroute.com\/en\/#website\",\"url\":\"https:\/\/thesilentroute.com\/en\/\",\"name\":\"Silent Route\",\"description\":\"Un viaje que te descubrir\u00e1  espacios inexplorados, experiencias&lt;br&gt;\u00fanicas, excepcionales, aut\u00e9nticas. Sensaciones inolvidables.\",\"publisher\":{\"@id\":\"https:\/\/thesilentroute.com\/en\/#organization\"},\"potentialAction\":[{\"@type\":\"SearchAction\",\"target\":{\"@type\":\"EntryPoint\",\"urlTemplate\":\"https:\/\/thesilentroute.com\/en\/?s={search_term_string}\"},\"query-input\":{\"@type\":\"PropertyValueSpecification\",\"valueRequired\":true,\"valueName\":\"search_term_string\"}}],\"inLanguage\":\"en-US\"},{\"@type\":\"Organization\",\"@id\":\"https:\/\/thesilentroute.com\/en\/#organization\",\"name\":\"The Silent Route\",\"url\":\"https:\/\/thesilentroute.com\/en\/\",\"logo\":{\"@type\":\"ImageObject\",\"inLanguage\":\"en-US\",\"@id\":\"https:\/\/thesilentroute.com\/en\/#\/schema\/logo\/image\/\",\"url\":\"https:\/\/thesilentroute.com\/wp-content\/uploads\/2018\/02\/silent-route.png\",\"contentUrl\":\"https:\/\/thesilentroute.com\/wp-content\/uploads\/2018\/02\/silent-route.png\",\"width\":800,\"height\":600,\"caption\":\"The Silent Route\"},\"image\":{\"@id\":\"https:\/\/thesilentroute.com\/en\/#\/schema\/logo\/image\/\"},\"sameAs\":[\"https:\/\/www.facebook.com\/TheSilentRouteMaestrazgo\/\",\"https:\/\/www.instagram.com\/thesilentroute\/\",\"https:\/\/www.youtube.com\/channel\/UCk_dF_cRDIv1sSqbrCpFFAw\"]},{\"@type\":\"Person\",\"@id\":\"https:\/\/thesilentroute.com\/en\/#\/schema\/person\/e9c74e4d2cc8f42190ab09f461b605f5\",\"name\":\"Cristina Mall\u00e9n\",\"image\":{\"@type\":\"ImageObject\",\"inLanguage\":\"en-US\",\"@id\":\"https:\/\/secure.gravatar.com\/avatar\/ada973fe53ba933292678dab40a8744acd21a735f456eed57096b02895dffb16?s=96&d=blank&r=g\",\"url\":\"https:\/\/secure.gravatar.com\/avatar\/ada973fe53ba933292678dab40a8744acd21a735f456eed57096b02895dffb16?s=96&d=blank&r=g\",\"contentUrl\":\"https:\/\/secure.gravatar.com\/avatar\/ada973fe53ba933292678dab40a8744acd21a735f456eed57096b02895dffb16?s=96&d=blank&r=g\",\"caption\":\"Cristina Mall\u00e9n\"}}]}<\/script>\n<!-- \/ Yoast SEO plugin. -->","yoast_head_json":{"title":"MUSIC AND HERITAGE Cycle in the Andorra Sierra de Arcos Region - Silent Route","robots":{"index":"index","follow":"follow","max-snippet":"max-snippet:-1","max-image-preview":"max-image-preview:large","max-video-preview":"max-video-preview:-1"},"canonical":"https:\/\/thesilentroute.com\/en\/ciclo-musica-y-patrimonio-en-la-comarca-de-andorra-sierra-de-arcos\/","og_locale":"en_US","og_type":"article","og_title":"MUSIC AND HERITAGE Cycle in the Andorra Sierra de Arcos Region - Silent Route","og_description":"After last year&#8217;s forced break due to the coronavirus pandemic, this spring the Andorra-Sierra de Arcos Region is resuming the cultural cycle Music and Heritage, which in its thirteenth edition will take different musical performances through the material heritage of five localities, Oliete, Ejulve, Gargallo, Andorra and Estercual, between 29 May and 20 June. To...","og_url":"https:\/\/thesilentroute.com\/en\/ciclo-musica-y-patrimonio-en-la-comarca-de-andorra-sierra-de-arcos\/","og_site_name":"Silent Route","article_publisher":"https:\/\/www.facebook.com\/TheSilentRouteMaestrazgo\/","article_published_time":"2021-06-04T16:16:15+00:00","article_modified_time":"2023-05-16T11:32:27+00:00","og_image":[{"width":1120,"height":719,"url":"https:\/\/thesilentroute.com\/wp-content\/uploads\/2021\/06\/41447_210526-32-02.jpg","type":"image\/jpeg"}],"author":"Cristina Mall\u00e9n","twitter_card":"summary_large_image","twitter_misc":{"Written by":"Cristina Mall\u00e9n"},"schema":{"@context":"https:\/\/schema.org","@graph":[{"@type":"Article","@id":"https:\/\/thesilentroute.com\/en\/ciclo-musica-y-patrimonio-en-la-comarca-de-andorra-sierra-de-arcos\/#article","isPartOf":{"@id":"https:\/\/thesilentroute.com\/en\/ciclo-musica-y-patrimonio-en-la-comarca-de-andorra-sierra-de-arcos\/"},"author":{"name":"Cristina Mall\u00e9n","@id":"https:\/\/thesilentroute.com\/en\/#\/schema\/person\/e9c74e4d2cc8f42190ab09f461b605f5"},"headline":"MUSIC AND HERITAGE Cycle in the Andorra Sierra de Arcos Region","datePublished":"2021-06-04T16:16:15+00:00","dateModified":"2023-05-16T11:32:27+00:00","mainEntityOfPage":{"@id":"https:\/\/thesilentroute.com\/en\/ciclo-musica-y-patrimonio-en-la-comarca-de-andorra-sierra-de-arcos\/"},"wordCount":74,"commentCount":0,"publisher":{"@id":"https:\/\/thesilentroute.com\/en\/#organization"},"image":{"@id":"https:\/\/thesilentroute.com\/en\/ciclo-musica-y-patrimonio-en-la-comarca-de-andorra-sierra-de-arcos\/#primaryimage"},"thumbnailUrl":"https:\/\/thesilentroute.com\/wp-content\/uploads\/2021\/06\/41447_210526-32-02.jpg","articleSection":["News"],"inLanguage":"en-US","potentialAction":[{"@type":"CommentAction","name":"Comment","target":["https:\/\/thesilentroute.com\/en\/ciclo-musica-y-patrimonio-en-la-comarca-de-andorra-sierra-de-arcos\/#respond"]}]},{"@type":"WebPage","@id":"https:\/\/thesilentroute.com\/en\/ciclo-musica-y-patrimonio-en-la-comarca-de-andorra-sierra-de-arcos\/","url":"https:\/\/thesilentroute.com\/en\/ciclo-musica-y-patrimonio-en-la-comarca-de-andorra-sierra-de-arcos\/","name":"MUSIC AND HERITAGE Cycle in the Andorra Sierra de Arcos Region - Silent Route","isPartOf":{"@id":"https:\/\/thesilentroute.com\/en\/#website"},"primaryImageOfPage":{"@id":"https:\/\/thesilentroute.com\/en\/ciclo-musica-y-patrimonio-en-la-comarca-de-andorra-sierra-de-arcos\/#primaryimage"},"image":{"@id":"https:\/\/thesilentroute.com\/en\/ciclo-musica-y-patrimonio-en-la-comarca-de-andorra-sierra-de-arcos\/#primaryimage"},"thumbnailUrl":"https:\/\/thesilentroute.com\/wp-content\/uploads\/2021\/06\/41447_210526-32-02.jpg","datePublished":"2021-06-04T16:16:15+00:00","dateModified":"2023-05-16T11:32:27+00:00","breadcrumb":{"@id":"https:\/\/thesilentroute.com\/en\/ciclo-musica-y-patrimonio-en-la-comarca-de-andorra-sierra-de-arcos\/#breadcrumb"},"inLanguage":"en-US","potentialAction":[{"@type":"ReadAction","target":["https:\/\/thesilentroute.com\/en\/ciclo-musica-y-patrimonio-en-la-comarca-de-andorra-sierra-de-arcos\/"]}]},{"@type":"ImageObject","inLanguage":"en-US","@id":"https:\/\/thesilentroute.com\/en\/ciclo-musica-y-patrimonio-en-la-comarca-de-andorra-sierra-de-arcos\/#primaryimage","url":"https:\/\/thesilentroute.com\/wp-content\/uploads\/2021\/06\/41447_210526-32-02.jpg","contentUrl":"https:\/\/thesilentroute.com\/wp-content\/uploads\/2021\/06\/41447_210526-32-02.jpg","width":1120,"height":719,"caption":"Caranzalem"},{"@type":"BreadcrumbList","@id":"https:\/\/thesilentroute.com\/en\/ciclo-musica-y-patrimonio-en-la-comarca-de-andorra-sierra-de-arcos\/#breadcrumb","itemListElement":[{"@type":"ListItem","position":1,"name":"Portada","item":"https:\/\/thesilentroute.com\/en\/"},{"@type":"ListItem","position":2,"name":"MUSIC AND HERITAGE Cycle in the Andorra Sierra de Arcos Region"}]},{"@type":"WebSite","@id":"https:\/\/thesilentroute.com\/en\/#website","url":"https:\/\/thesilentroute.com\/en\/","name":"Silent Route","description":"Un viaje que te descubrir\u00e1  espacios inexplorados, experiencias&lt;br&gt;\u00fanicas, excepcionales, aut\u00e9nticas. Sensaciones inolvidables.","publisher":{"@id":"https:\/\/thesilentroute.com\/en\/#organization"},"potentialAction":[{"@type":"SearchAction","target":{"@type":"EntryPoint","urlTemplate":"https:\/\/thesilentroute.com\/en\/?s={search_term_string}"},"query-input":{"@type":"PropertyValueSpecification","valueRequired":true,"valueName":"search_term_string"}}],"inLanguage":"en-US"},{"@type":"Organization","@id":"https:\/\/thesilentroute.com\/en\/#organization","name":"The Silent Route","url":"https:\/\/thesilentroute.com\/en\/","logo":{"@type":"ImageObject","inLanguage":"en-US","@id":"https:\/\/thesilentroute.com\/en\/#\/schema\/logo\/image\/","url":"https:\/\/thesilentroute.com\/wp-content\/uploads\/2018\/02\/silent-route.png","contentUrl":"https:\/\/thesilentroute.com\/wp-content\/uploads\/2018\/02\/silent-route.png","width":800,"height":600,"caption":"The Silent Route"},"image":{"@id":"https:\/\/thesilentroute.com\/en\/#\/schema\/logo\/image\/"},"sameAs":["https:\/\/www.facebook.com\/TheSilentRouteMaestrazgo\/","https:\/\/www.instagram.com\/thesilentroute\/","https:\/\/www.youtube.com\/channel\/UCk_dF_cRDIv1sSqbrCpFFAw"]},{"@type":"Person","@id":"https:\/\/thesilentroute.com\/en\/#\/schema\/person\/e9c74e4d2cc8f42190ab09f461b605f5","name":"Cristina Mall\u00e9n","image":{"@type":"ImageObject","inLanguage":"en-US","@id":"https:\/\/secure.gravatar.com\/avatar\/ada973fe53ba933292678dab40a8744acd21a735f456eed57096b02895dffb16?s=96&d=blank&r=g","url":"https:\/\/secure.gravatar.com\/avatar\/ada973fe53ba933292678dab40a8744acd21a735f456eed57096b02895dffb16?s=96&d=blank&r=g","contentUrl":"https:\/\/secure.gravatar.com\/avatar\/ada973fe53ba933292678dab40a8744acd21a735f456eed57096b02895dffb16?s=96&d=blank&r=g","caption":"Cristina Mall\u00e9n"}}]}},"_links":{"self":[{"href":"https:\/\/thesilentroute.com\/en\/wp-json\/wp\/v2\/posts\/28948","targetHints":{"allow":["GET"]}}],"collection":[{"href":"https:\/\/thesilentroute.com\/en\/wp-json\/wp\/v2\/posts"}],"about":[{"href":"https:\/\/thesilentroute.com\/en\/wp-json\/wp\/v2\/types\/post"}],"author":[{"embeddable":true,"href":"https:\/\/thesilentroute.com\/en\/wp-json\/wp\/v2\/users\/3"}],"replies":[{"embeddable":true,"href":"https:\/\/thesilentroute.com\/en\/wp-json\/wp\/v2\/comments?post=28948"}],"version-history":[{"count":2,"href":"https:\/\/thesilentroute.com\/en\/wp-json\/wp\/v2\/posts\/28948\/revisions"}],"predecessor-version":[{"id":33571,"href":"https:\/\/thesilentroute.com\/en\/wp-json\/wp\/v2\/posts\/28948\/revisions\/33571"}],"wp:featuredmedia":[{"embeddable":true,"href":"https:\/\/thesilentroute.com\/en\/wp-json\/wp\/v2\/media\/28949"}],"wp:attachment":[{"href":"https:\/\/thesilentroute.com\/en\/wp-json\/wp\/v2\/media?parent=28948"}],"wp:term":[{"taxonomy":"category","embeddable":true,"href":"https:\/\/thesilentroute.com\/en\/wp-json\/wp\/v2\/categories?post=28948"},{"taxonomy":"post_tag","embeddable":true,"href":"https:\/\/thesilentroute.com\/en\/wp-json\/wp\/v2\/tags?post=28948"}],"curies":[{"name":"wp","href":"https:\/\/api.w.org\/{rel}","templated":true}]}}